{"id":4206,"date":"2016-07-05T23:01:08","date_gmt":"2016-07-05T21:01:08","guid":{"rendered":"http:\/\/polski.hu\/?p=4206"},"modified":"2016-07-22T23:38:55","modified_gmt":"2016-07-22T21:38:55","slug":"nemzetkozi-polski-fiat-talalkozo-2016-08-12-14","status":"publish","type":"post","link":"https:\/\/polski.hu\/en\/nemzetkozi-polski-fiat-talalkozo-2016-08-12-14\/","title":{"rendered":"(Magyar) Nemzetk\u00f6zi Polski Fiat Tal\u00e1lkoz\u00f3 2016.08.12-14."},"content":{"rendered":"<p class=\"qtranxs-available-languages-message qtranxs-available-languages-message-en\">Sorry, this entry is only available in <a href=\"https:\/\/polski.hu\/hu\/wp-json\/wp\/v2\/posts\/4206\" class=\"qtranxs-available-language-link qtranxs-available-language-link-hu\" title=\"Magyar\">Magyar<\/a>. For the sake of viewer convenience, the content is shown below in the alternative language. You may click the link to switch the active language.<\/p><p>Imm\u00e1r III. alkalommal id\u00e9n is megrendezz\u00fck a Nemzetk\u00f6zi Polski Fiat Tal\u00e1lkoz\u00f3t, mely hagyom\u00e1nyosan a Tihany nevet viseli, de a f\u0151hadisz\u00e1ll\u00e1s a Csopaki Kemping lesz. A regisztr\u00e1ci\u00f3s d\u00edj 2.500,-Ft\/f\u0151, a sz\u00e1ll\u00e1sfoglal\u00e1s el\u0151lege 2.500,-Ft\/f\u0151. 14 \u00e9ven aluli gyerekekre nem kell regiszt\u00e1ci\u00f3s d\u00edjat fizetni. K\u00e9r\u00fcnk mindenkit, aki r\u00e9szt szeretne venni a tal\u00e1lkoz\u00f3n, \u00e9s m\u00e9g nem tette meg, s\u00fcrg\u0151sen regisztr\u00e1ljon \u00e9s fizesse be a sz\u00fcks\u00e9ges d\u00edjakat.Sz\u00e1mlasz\u00e1mot megtal\u00e1lj\u00e1tok a linkelt oldalon a sz\u00e1ll\u00e1s men\u00fcben.<\/p>\n<p>R\u00e9szletes inform\u00e1ci\u00f3 (program, sz\u00e1ll\u00e1slehet\u0151s\u00e9g, regisztr\u00e1ci\u00f3s lap) a linkre kattintva \u00e9rhet\u0151 el. FONTOS v\u00e1ltoz\u00e1s, hogy vas\u00e1rnap est\u00e9t\u0151l csak s\u00e1torban van lehet\u0151s\u00e9g tov\u00e1bb maradni, \u00e9s a 2 \u00e1gyas szob\u00e1k elfogytak!!<\/p>\n<p><a href=\"http:\/\/www.tihany2012.gportal.hu\/\">http:\/\/www.tihany2012.gportal.hu\/<\/a><\/p>\n<p>Azok, akik csak a szombati f\u0151programra \u00e9rkeznek, \u00e9s sz\u00e1ll\u00e1st nem ig\u00e9nyelnek, azok is regisztr\u00e1ljanak! R\u00e9sz\u00fckre a regisztr\u00e1ci\u00f3s d\u00edj 2.000,-Ft\/f\u0151.<\/p>\n<p>Amit m\u00e1r tudunk, hogy lengyel \u00e9s szlov\u00e1k bar\u00e1taink eddig 118 f\u0151vel regisztr\u00e1ltak. A r\u00e9sztvev\u0151 j\u00e1rm\u0171vek fele polski fiat, a m\u00e1sik fele polonez. \u00c9rkezik ritkas\u00e1g is, a 6 ajt\u00f3s polski fiat limusin, \u00e9s egy polski fiat milicja aut\u00f3\u00a0 \ud83d\ude42<\/p>\n<p>Mindenkit szeretettel v\u00e1runk!<\/p>\n<p><a href=\"http:\/\/polski.hu\/nemzetkozi-polski-fiat-talalkozo-2016-08-12-14\/uj-logo-honlapra\/\" rel=\"attachment wp-att-4207\"><img loading=\"lazy\" decoding=\"async\" class=\"size-medium wp-image-4207 aligncenter\" src=\"http:\/\/polski.hu\/wp-content\/uploads\/2016\/07\/\u00faj-logo-honlapra-300x150.jpg\" alt=\"\u00faj logo honlapra\" width=\"300\" height=\"150\" \/><\/a><\/p>","protected":false},"excerpt":{"rendered":"<p>Sorry, this entry is only available in Magyar. For the sake of viewer convenience, the content is shown below in the alternative language. You may click the link to switch [&hellip;]<\/p>\n","protected":false},"author":3,"featured_media":4207,"comment_status":"open","ping_status":"open","sticky":false,"template":"","format":"standard","meta":{"_bbp_topic_count":0,"_bbp_reply_count":0,"_bbp_total_topic_count":0,"_bbp_total_reply_count":0,"_bbp_voice_count":0,"_bbp_anonymous_reply_count":0,"_bbp_topic_count_hidden":0,"_bbp_reply_count_hidden":0,"_bbp_forum_subforum_count":0,"_lightning_design_setting":[],"footnotes":""},"categories":[1],"tags":[],"class_list":["post-4206","post","type-post","status-publish","format-standard","has-post-thumbnail","hentry","category-egyeb"],"_links":{"self":[{"href":"https:\/\/polski.hu\/en\/wp-json\/wp\/v2\/posts\/4206","targetHints":{"allow":["GET"]}}],"collection":[{"href":"https:\/\/polski.hu\/en\/wp-json\/wp\/v2\/posts"}],"about":[{"href":"https:\/\/polski.hu\/en\/wp-json\/wp\/v2\/types\/post"}],"author":[{"embeddable":true,"href":"https:\/\/polski.hu\/en\/wp-json\/wp\/v2\/users\/3"}],"replies":[{"embeddable":true,"href":"https:\/\/polski.hu\/en\/wp-json\/wp\/v2\/comments?post=4206"}],"version-history":[{"count":6,"href":"https:\/\/polski.hu\/en\/wp-json\/wp\/v2\/posts\/4206\/revisions"}],"predecessor-version":[{"id":4231,"href":"https:\/\/polski.hu\/en\/wp-json\/wp\/v2\/posts\/4206\/revisions\/4231"}],"wp:featuredmedia":[{"embeddable":true,"href":"https:\/\/polski.hu\/en\/wp-json\/wp\/v2\/media\/4207"}],"wp:attachment":[{"href":"https:\/\/polski.hu\/en\/wp-json\/wp\/v2\/media?parent=4206"}],"wp:term":[{"taxonomy":"category","embeddable":true,"href":"https:\/\/polski.hu\/en\/wp-json\/wp\/v2\/categories?post=4206"},{"taxonomy":"post_tag","embeddable":true,"href":"https:\/\/polski.hu\/en\/wp-json\/wp\/v2\/tags?post=4206"}],"curies":[{"name":"wp","href":"https:\/\/api.w.org\/{rel}","templated":true}]}}