{"id":4237,"date":"2016-08-21T19:48:26","date_gmt":"2016-08-21T17:48:26","guid":{"rendered":"http:\/\/polski.hu\/?p=4237"},"modified":"2016-08-22T19:14:58","modified_gmt":"2016-08-22T17:14:58","slug":"tihany-2016","status":"publish","type":"post","link":"https:\/\/polski.hu\/en\/tihany-2016\/","title":{"rendered":"(Magyar) Tihany 2016. &#8220;Ez t\u00f6rt\u00e9nt&#8221;"},"content":{"rendered":"<p class=\"qtranxs-available-languages-message qtranxs-available-languages-message-en\">Sorry, this entry is only available in <a href=\"https:\/\/polski.hu\/hu\/wp-json\/wp\/v2\/posts\/4237\" class=\"qtranxs-available-language-link qtranxs-available-language-link-hu\" title=\"Magyar\">Magyar<\/a>. For the sake of viewer convenience, the content is shown below in the alternative language. You may click the link to switch the active language.<\/p><p>A hagyom\u00e1nyokhoz h\u00edven a Balaton \u00e9szaki partj\u00e1nak egyik legszebb r\u00e9sz\u00e9n, a Tihanyi f\u00e9lszigeten \u00e9s annak k\u00f6rny\u00e9k\u00e9n ker\u00fclt megrendez\u00e9sre a III. Nemzetk\u00f6zi Polski Fiat 125p Tal\u00e1lkoz\u00f3.<br \/>\nAz 1968 \u00e9s 1991 k\u00f6z\u00f6tt gy\u00e1rtott m\u00e1rka k\u00f6zismert \u00e9s k\u00f6zkedvelt t\u00edpus volt a keleti blokkban, h\u00edrnev\u00e9t a kort\u00e1rsaihoz k\u00e9pest nagyobb bels\u0151 t\u00e9r, a k\u00e9nyelmes rug\u00f3z\u00e1s, \u00e9s a n\u00e9gy t\u00e1rcsaf\u00e9k alkalmaz\u00e1sa alapozta meg. A nyugati m\u00e1rk\u00e1k kelet eur\u00f3pai t\u00e9rh\u00f3d\u00edt\u00e1sa sok m\u00e1s aut\u00f3t\u00edpussal egy\u00fctt ezt is az asztal al\u00e1 s\u00f6p\u00f6rte, de n\u00e9h\u00e1ny elhivatott, a m\u00e1rka ir\u00e1nt elk\u00f6telezett rajong\u00f3 elt\u00f6k\u00e9lte, hogy megmenti a t\u00edpust a v\u00e9gleges elt\u0171n\u00e9st\u0151l.<\/p>\n<p><a href=\"http:\/\/polski.hu\/tihany-2016\/attachment\/001\/\" rel=\"attachment wp-att-4262\"><img loading=\"lazy\" decoding=\"async\" class=\"alignnone size-medium wp-image-4262\" src=\"http:\/\/polski.hu\/wp-content\/uploads\/2016\/08\/001-300x168.jpg\" alt=\"001\" width=\"300\" height=\"168\" srcset=\"https:\/\/polski.hu\/wp-content\/uploads\/2016\/08\/001-300x168.jpg 300w, https:\/\/polski.hu\/wp-content\/uploads\/2016\/08\/001-416x234.jpg 416w, https:\/\/polski.hu\/wp-content\/uploads\/2016\/08\/001-768x431.jpg 768w, https:\/\/polski.hu\/wp-content\/uploads\/2016\/08\/001.jpg 960w\" sizes=\"auto, (max-width: 300px) 100vw, 300px\" \/><\/a><\/p>\n<p>A 2007-ben (\u00fajra) alak\u00edtott Polski Fiat 125p Klub nem kisebb c\u00e9lt t\u0171z\u00f6tt ki maga el\u00e9, mint azt, hogy a m\u00e1rka rajong\u00f3it egy t\u00e1borba \u00f6tv\u00f6zi, \u00e9s nemcsak az orsz\u00e1ghat\u00e1ron bel\u00fcl, hanem azon k\u00edv\u00fcl is! Az els\u0151k\u00e9nt 2012-ben, majd 2014-ben meghirdetett Balaton-felvid\u00e9ki esem\u00e9ny is m\u00e1r nem v\u00e1rt mennyis\u00e9g\u0171 \u00e9rdekl\u0151d\u0151t vonzott, ami nyilv\u00e1nval\u00f3v\u00e1 tette, hogy az egyes\u00fcletnek l\u00e9tjogosults\u00e1ga van, a m\u00e1rka tisztel\u0151i ig\u00e9nylik ezeket a tal\u00e1lkoz\u00f3kat.<br \/>\nAz egyes\u00fclet l\u00e9trehoz\u00f3ja \u00e9s f\u0151 motorja Lenk\u00f3n\u00e9 Erna jelent\u0151s energia-befektet\u00e9ssel, \u00e9s k\u00f6lts\u00e9get nem k\u00edm\u00e9lve j\u00e1rta ki az utat a k\u00e9t\u00e9vente megrendez\u00e9sre ker\u00fcl\u0151 nemzetk\u00f6zi tal\u00e1lkoz\u00f3 l\u00e9trej\u00f6tt\u00e9\u00e9rt. Az el\u0151z\u0151 \u00f6sszej\u00f6vetelek tapasztalatain okulva az egyes\u00fclet vezet\u00e9se \u00fagy d\u00f6nt\u00f6tt, hogy ebben az \u00e9vben &#8211; t\u00falsz\u00e1rnyalva az eddigieket- igaz\u00e1n eml\u00e9kezetess\u00e9 teszi a r\u00e9sztvev\u0151k sz\u00e1m\u00e1ra ezt a n\u00e9h\u00e1ny napot. Az els\u0151 fecsk\u00e9k m\u00e1r a h\u00e9t k\u00f6zep\u00e9n meg\u00e9rkeztek Lengyelorsz\u00e1gb\u00f3l a csopaki kempingbe, ami m\u00e1sodik alkalommal a tal\u00e1lkoz\u00f3 fellegv\u00e1ra volt. A p\u00e9nteki hivatalos megnyit\u00f3 \u00e9s programismertet\u00e9s egy gyertyagy\u00fajt\u00e1sos megeml\u00e9kez\u00e9ssel indult, a nemr\u00e9giben tragikus k\u00f6r\u00fclm\u00e9nyek k\u00f6zt elhunyt lengyelorsz\u00e1gi klubt\u00e1rsunk, <strong><em>Piotr Wiewi\u00f3ra<\/em><\/strong> eml\u00e9k\u00e9\u00e9rt.<br \/>\n<a href=\"http:\/\/polski.hu\/tihany-2016\/attachment\/002\/\" rel=\"attachment wp-att-4263\"><img loading=\"lazy\" decoding=\"async\" class=\"alignnone size-medium wp-image-4263\" src=\"http:\/\/polski.hu\/wp-content\/uploads\/2016\/08\/002-241x300.jpg\" alt=\"002\" width=\"241\" height=\"300\" srcset=\"https:\/\/polski.hu\/wp-content\/uploads\/2016\/08\/002-241x300.jpg 241w, https:\/\/polski.hu\/wp-content\/uploads\/2016\/08\/002-416x518.jpg 416w, https:\/\/polski.hu\/wp-content\/uploads\/2016\/08\/002-300x374.jpg 300w, https:\/\/polski.hu\/wp-content\/uploads\/2016\/08\/002.jpg 492w\" sizes=\"auto, (max-width: 241px) 100vw, 241px\" \/><\/a> \u00a0 \u00a0 \u00a0\u00a0 \u00a0\u00a0 <a href=\"http:\/\/polski.hu\/tihany-2016\/attachment\/003\/\" rel=\"attachment wp-att-4264\"><img loading=\"lazy\" decoding=\"async\" class=\"alignnone wp-image-4264\" src=\"http:\/\/polski.hu\/wp-content\/uploads\/2016\/08\/003-300x165.jpg\" alt=\"003\" width=\"420\" height=\"231\" srcset=\"https:\/\/polski.hu\/wp-content\/uploads\/2016\/08\/003-300x165.jpg 300w, https:\/\/polski.hu\/wp-content\/uploads\/2016\/08\/003-416x229.jpg 416w, https:\/\/polski.hu\/wp-content\/uploads\/2016\/08\/003-768x422.jpg 768w, https:\/\/polski.hu\/wp-content\/uploads\/2016\/08\/003.jpg 960w\" sizes=\"auto, (max-width: 420px) 100vw, 420px\" \/><\/a><\/p>\n<p>Szombat reggel m\u00e1r kezd\u0151d\u00f6tt is a felvonul\u00e1s, a sorakoz\u00f3 a kemping utc\u00e1j\u00e1ban volt. A teljes l\u00e9tsz\u00e1mban jelenlev\u0151 csapat, mintegy 180 f\u0151, 48 db Polski 125-tel, 18 db Polonez-zel, \u00e9s 5 db m\u00e1s Fiat t\u00edpussal, az eg\u00e9sz utca hossz\u00e1t megt\u00f6lt\u00f6tte. A tartalmas nap rend\u0151rs\u00e9gi felvezet\u00e9ssel, forgalomlez\u00e1r\u00e1ssal biztos\u00edtott bevonul\u00e1ssal folytat\u00f3dott Tihanyba, a bels\u0151 tavakn\u00e1l kialak\u00edtott ki\u00e1ll\u00edt\u00e1si helysz\u00ednre.<\/p>\n<p><a href=\"http:\/\/polski.hu\/tihany-2016\/attachment\/005\/\" rel=\"attachment wp-att-4266\"><img loading=\"lazy\" decoding=\"async\" class=\"alignnone size-medium wp-image-4266\" src=\"http:\/\/polski.hu\/wp-content\/uploads\/2016\/08\/005-300x225.jpg\" alt=\"005\" width=\"300\" height=\"225\" srcset=\"https:\/\/polski.hu\/wp-content\/uploads\/2016\/08\/005-300x225.jpg 300w, https:\/\/polski.hu\/wp-content\/uploads\/2016\/08\/005-416x312.jpg 416w, https:\/\/polski.hu\/wp-content\/uploads\/2016\/08\/005-768x576.jpg 768w, https:\/\/polski.hu\/wp-content\/uploads\/2016\/08\/005.jpg 960w\" sizes=\"auto, (max-width: 300px) 100vw, 300px\" \/><\/a> <a href=\"http:\/\/polski.hu\/tihany-2016\/attachment\/006\/\" rel=\"attachment wp-att-4267\"><img loading=\"lazy\" decoding=\"async\" class=\"alignnone size-medium wp-image-4267\" src=\"http:\/\/polski.hu\/wp-content\/uploads\/2016\/08\/006-300x225.jpg\" alt=\"006\" width=\"300\" height=\"225\" srcset=\"https:\/\/polski.hu\/wp-content\/uploads\/2016\/08\/006-300x225.jpg 300w, https:\/\/polski.hu\/wp-content\/uploads\/2016\/08\/006-416x312.jpg 416w, https:\/\/polski.hu\/wp-content\/uploads\/2016\/08\/006-768x576.jpg 768w, https:\/\/polski.hu\/wp-content\/uploads\/2016\/08\/006.jpg 960w\" sizes=\"auto, (max-width: 300px) 100vw, 300px\" \/><\/a><\/p>\n<p><a href=\"http:\/\/polski.hu\/tihany-2016\/attachment\/007\/\" rel=\"attachment wp-att-4268\"><img loading=\"lazy\" decoding=\"async\" class=\"alignnone wp-image-4268\" src=\"http:\/\/polski.hu\/wp-content\/uploads\/2016\/08\/007-300x225.jpg\" alt=\"007\" width=\"269\" height=\"202\" srcset=\"https:\/\/polski.hu\/wp-content\/uploads\/2016\/08\/007-300x225.jpg 300w, https:\/\/polski.hu\/wp-content\/uploads\/2016\/08\/007-416x312.jpg 416w, https:\/\/polski.hu\/wp-content\/uploads\/2016\/08\/007-768x576.jpg 768w, https:\/\/polski.hu\/wp-content\/uploads\/2016\/08\/007.jpg 960w\" sizes=\"auto, (max-width: 269px) 100vw, 269px\" \/><\/a> \u00a0 \u00a0 <a href=\"http:\/\/polski.hu\/tihany-2016\/attachment\/004\/\" rel=\"attachment wp-att-4265\"><img loading=\"lazy\" decoding=\"async\" class=\"alignnone wp-image-4265\" src=\"http:\/\/polski.hu\/wp-content\/uploads\/2016\/08\/004-300x200.jpg\" alt=\"004\" width=\"299\" height=\"199\" srcset=\"https:\/\/polski.hu\/wp-content\/uploads\/2016\/08\/004-300x200.jpg 300w, https:\/\/polski.hu\/wp-content\/uploads\/2016\/08\/004-416x277.jpg 416w, https:\/\/polski.hu\/wp-content\/uploads\/2016\/08\/004-768x512.jpg 768w, https:\/\/polski.hu\/wp-content\/uploads\/2016\/08\/004.jpg 960w\" sizes=\"auto, (max-width: 299px) 100vw, 299px\" \/><\/a><\/p>\n<p>M\u00e9g j\u00f3form\u00e1n \u00e1t sem lehetett tekinteni a felsorakozott aut\u00f3kavalk\u00e1d mennyis\u00e9g\u00e9t, a t\u00edpusok sokas\u00e1g\u00e1t, m\u00e1r \u00e9rkeztek is az orsz\u00e1g\u00fati kis vonatok, melyek a n\u00e9pes csapatot a program k\u00f6vetkez\u0151 helysz\u00edn\u00e9re sz\u00e1ll\u00edtott\u00e1k: Haj\u00f3kir\u00e1ndul\u00e1sra indult a komp\u00e1nia!<br \/>\nA Tihanyi-f\u00e9lsziget k\u00f6r\u00fcli s\u00e9tahaj\u00f3 t\u00fara seg\u00edtett m\u00e9g jobban \u00f6sszehozni a vegyes anyanyelv\u0171 t\u00e1rsas\u00e1got, elm\u00e9ly\u00edteni a nemzetk\u00f6zi Polski feelinget! A kik\u00f6t\u00e9skor \u00fajabb kellemes meglepet\u00e9s \u00e9rte a t\u00e1rsas\u00e1got! Az egyes\u00fclet FSO embl\u00e9m\u00e1t form\u00e1z\u00f3 keksz s\u00fctivel tisztelte meg a sz\u00e1razf\u00f6ldre l\u00e9p\u0151ket. A kis kedvesked\u00e9s ut\u00e1n a csapat m\u00e9g egyszer k\u00f6r\u00fcln\u00e9zett a k\u00f6zeli retro piacon, majd visszat\u00e9rt a bels\u0151 tavakhoz. Itt azt\u00e1n \u00fajra &#8220;vol\u00e1nra&#8221; kapott a t\u00e1rsas\u00e1g, folytat\u00f3dott a felvonul\u00e1s!<\/p>\n<p><a href=\"http:\/\/polski.hu\/tihany-2016\/attachment\/008\/\" rel=\"attachment wp-att-4269\"><img loading=\"lazy\" decoding=\"async\" class=\"alignnone wp-image-4269\" src=\"http:\/\/polski.hu\/wp-content\/uploads\/2016\/08\/008-300x169.jpg\" alt=\"008\" width=\"337\" height=\"190\" srcset=\"https:\/\/polski.hu\/wp-content\/uploads\/2016\/08\/008-300x169.jpg 300w, https:\/\/polski.hu\/wp-content\/uploads\/2016\/08\/008-416x234.jpg 416w, https:\/\/polski.hu\/wp-content\/uploads\/2016\/08\/008-768x432.jpg 768w, https:\/\/polski.hu\/wp-content\/uploads\/2016\/08\/008.jpg 960w\" sizes=\"auto, (max-width: 337px) 100vw, 337px\" \/><\/a> \u00a0\u00a0 <a href=\"http:\/\/polski.hu\/tihany-2016\/attachment\/009\/\" rel=\"attachment wp-att-4270\"><img loading=\"lazy\" decoding=\"async\" class=\"alignnone wp-image-4270\" src=\"http:\/\/polski.hu\/wp-content\/uploads\/2016\/08\/009-300x200.jpg\" alt=\"009\" width=\"287\" height=\"191\" srcset=\"https:\/\/polski.hu\/wp-content\/uploads\/2016\/08\/009-300x200.jpg 300w, https:\/\/polski.hu\/wp-content\/uploads\/2016\/08\/009-416x277.jpg 416w, https:\/\/polski.hu\/wp-content\/uploads\/2016\/08\/009-768x512.jpg 768w, https:\/\/polski.hu\/wp-content\/uploads\/2016\/08\/009.jpg 960w\" sizes=\"auto, (max-width: 287px) 100vw, 287px\" \/><\/a> <a href=\"http:\/\/polski.hu\/tihany-2016\/attachment\/010\/\" rel=\"attachment wp-att-4271\"><img loading=\"lazy\" decoding=\"async\" class=\"alignnone size-medium wp-image-4271\" src=\"http:\/\/polski.hu\/wp-content\/uploads\/2016\/08\/010-300x225.jpg\" alt=\"010\" width=\"300\" height=\"225\" srcset=\"https:\/\/polski.hu\/wp-content\/uploads\/2016\/08\/010-300x225.jpg 300w, https:\/\/polski.hu\/wp-content\/uploads\/2016\/08\/010-416x312.jpg 416w, https:\/\/polski.hu\/wp-content\/uploads\/2016\/08\/010-768x576.jpg 768w, https:\/\/polski.hu\/wp-content\/uploads\/2016\/08\/010-1024x768.jpg 1024w\" sizes=\"auto, (max-width: 300px) 100vw, 300px\" \/><\/a> \u00a0\u00a0\u00a0 <a href=\"http:\/\/polski.hu\/tihany-2016\/attachment\/011\/\" rel=\"attachment wp-att-4272\"><img loading=\"lazy\" decoding=\"async\" class=\"alignnone size-medium wp-image-4272\" src=\"http:\/\/polski.hu\/wp-content\/uploads\/2016\/08\/011-300x225.jpg\" alt=\"011\" width=\"300\" height=\"225\" srcset=\"https:\/\/polski.hu\/wp-content\/uploads\/2016\/08\/011-300x225.jpg 300w, https:\/\/polski.hu\/wp-content\/uploads\/2016\/08\/011.jpg 400w\" sizes=\"auto, (max-width: 300px) 100vw, 300px\" \/><\/a> <a href=\"http:\/\/polski.hu\/tihany-2016\/attachment\/012\/\" rel=\"attachment wp-att-4273\"><img loading=\"lazy\" decoding=\"async\" class=\"alignnone size-medium wp-image-4273\" src=\"http:\/\/polski.hu\/wp-content\/uploads\/2016\/08\/012-300x225.jpg\" alt=\"012\" width=\"300\" height=\"225\" srcset=\"https:\/\/polski.hu\/wp-content\/uploads\/2016\/08\/012-300x225.jpg 300w, https:\/\/polski.hu\/wp-content\/uploads\/2016\/08\/012-416x312.jpg 416w, https:\/\/polski.hu\/wp-content\/uploads\/2016\/08\/012-768x576.jpg 768w, https:\/\/polski.hu\/wp-content\/uploads\/2016\/08\/012-1024x768.jpg 1024w\" sizes=\"auto, (max-width: 300px) 100vw, 300px\" \/><\/a> \u00a0\u00a0\u00a0 <a href=\"http:\/\/polski.hu\/tihany-2016\/attachment\/013\/\" rel=\"attachment wp-att-4274\"><img loading=\"lazy\" decoding=\"async\" class=\"alignnone size-medium wp-image-4274\" src=\"http:\/\/polski.hu\/wp-content\/uploads\/2016\/08\/013-300x200.jpg\" alt=\"013\" width=\"300\" height=\"200\" srcset=\"https:\/\/polski.hu\/wp-content\/uploads\/2016\/08\/013-300x200.jpg 300w, https:\/\/polski.hu\/wp-content\/uploads\/2016\/08\/013-416x277.jpg 416w, https:\/\/polski.hu\/wp-content\/uploads\/2016\/08\/013-768x512.jpg 768w, https:\/\/polski.hu\/wp-content\/uploads\/2016\/08\/013.jpg 960w\" sizes=\"auto, (max-width: 300px) 100vw, 300px\" \/><\/a><\/p>\n<p>Elmondani sem lehet azt a sokf\u00e9le \u00e9rzelmet, melyet az \u00fat sz\u00e9l\u00e9n \u00e1ll\u00f3 t\u00f6bb sz\u00e1z ember arc\u00e1r\u00f3l lehetett leolvasni, mik\u00f6zben a Polski karav\u00e1n v\u00e9gigvonult a tihanyi utc\u00e1kon. Volt, aki f\u00fcty\u00fclt, kiab\u00e1lt, integetett, de legt\u00f6bbet az \u00e1lm\u00e9lkod\u00f3 tekintetek \u00e1rultak el. Igen! J\u00f3 Polskisnak lenni! J\u00f3, hogy ennyien vagyunk!<br \/>\nAz izgalmas programokkal gyorsan telt az id\u0151, hamar d\u00e9lut\u00e1n lett, \u00edgy a t\u00e1rsulat visszaaut\u00f3zott a kempingbe, ahol a nemzetk\u00f6zi kapcsolatok tov\u00e1bbi \u00e1pol\u00e1sa mellett folyt a k\u00e9sz\u00fcl\u0151d\u00e9s az esti bulira. Na! Ez a buli azt\u00e1n igaz\u00e1n eml\u00e9kezetesre sikeredett. Volt itt aut\u00f3 \u00e9s ember a hab alatt, karaoke lengyel\u00fcl \u00e9s magyarul, Beatles sz\u00e1mok Ramb\u00f3 (az egyes\u00fclet dalos pacsirt\u00e1ja) el\u0151ad\u00e1s\u00e1ban, kora hajnalig.<\/p>\n<p><a href=\"http:\/\/polski.hu\/tihany-2016\/attachment\/014\/\" rel=\"attachment wp-att-4275\"><img loading=\"lazy\" decoding=\"async\" class=\"alignnone size-medium wp-image-4275\" src=\"http:\/\/polski.hu\/wp-content\/uploads\/2016\/08\/014-225x300.jpg\" alt=\"014\" width=\"225\" height=\"300\" srcset=\"https:\/\/polski.hu\/wp-content\/uploads\/2016\/08\/014-225x300.jpg 225w, https:\/\/polski.hu\/wp-content\/uploads\/2016\/08\/014.jpg 296w\" sizes=\"auto, (max-width: 225px) 100vw, 225px\" \/><\/a> \u00a0 \u00a0\u00a0 <a href=\"http:\/\/polski.hu\/tihany-2016\/attachment\/016\/\" rel=\"attachment wp-att-4277\"><img loading=\"lazy\" decoding=\"async\" class=\"alignnone size-medium wp-image-4277\" src=\"http:\/\/polski.hu\/wp-content\/uploads\/2016\/08\/016-300x169.jpg\" alt=\"016\" width=\"300\" height=\"169\" srcset=\"https:\/\/polski.hu\/wp-content\/uploads\/2016\/08\/016-300x169.jpg 300w, https:\/\/polski.hu\/wp-content\/uploads\/2016\/08\/016-416x234.jpg 416w, https:\/\/polski.hu\/wp-content\/uploads\/2016\/08\/016-768x432.jpg 768w, https:\/\/polski.hu\/wp-content\/uploads\/2016\/08\/016.jpg 960w\" sizes=\"auto, (max-width: 300px) 100vw, 300px\" \/><\/a><a href=\"http:\/\/polski.hu\/tihany-2016\/attachment\/015\/\" rel=\"attachment wp-att-4276\"><img loading=\"lazy\" decoding=\"async\" class=\"alignnone size-medium wp-image-4276\" src=\"http:\/\/polski.hu\/wp-content\/uploads\/2016\/08\/015-300x200.jpg\" alt=\"015\" width=\"300\" height=\"200\" srcset=\"https:\/\/polski.hu\/wp-content\/uploads\/2016\/08\/015-300x200.jpg 300w, https:\/\/polski.hu\/wp-content\/uploads\/2016\/08\/015-416x277.jpg 416w, https:\/\/polski.hu\/wp-content\/uploads\/2016\/08\/015-768x512.jpg 768w, https:\/\/polski.hu\/wp-content\/uploads\/2016\/08\/015.jpg 960w\" sizes=\"auto, (max-width: 300px) 100vw, 300px\" \/><\/a> <a href=\"http:\/\/polski.hu\/tihany-2016\/attachment\/017\/\" rel=\"attachment wp-att-4278\"><img loading=\"lazy\" decoding=\"async\" class=\"alignnone size-medium wp-image-4278\" src=\"http:\/\/polski.hu\/wp-content\/uploads\/2016\/08\/017-300x225.jpg\" alt=\"017\" width=\"300\" height=\"225\" srcset=\"https:\/\/polski.hu\/wp-content\/uploads\/2016\/08\/017-300x225.jpg 300w, https:\/\/polski.hu\/wp-content\/uploads\/2016\/08\/017-416x312.jpg 416w, https:\/\/polski.hu\/wp-content\/uploads\/2016\/08\/017-768x576.jpg 768w, https:\/\/polski.hu\/wp-content\/uploads\/2016\/08\/017.jpg 960w\" sizes=\"auto, (max-width: 300px) 100vw, 300px\" \/><\/a><\/p>\n<p>A mozgalmas \u00e9jszaka ut\u00e1n viszonylag frissen \u00e9bredt a mez\u0151ny, hiszen a programok folytat\u00f3dtak. A b\u0151s\u00e9ges reggeli elfogyaszt\u00e1sa ut\u00e1n aut\u00f3s \u00fcgyess\u00e9gi verseny kezd\u0151d\u00f6tt, m\u0171szaki \u00e9s kresz feladatokkal kieg\u00e9sz\u00edtve. A feladatok mulats\u00e1gos &#8220;teljes\u00edthetetlens\u00e9ge&#8221; nem fogott ki a t\u00e1rsas\u00e1g j\u00f3 hangulat\u00e1n, amit tov\u00e1bb fokozott az eb\u00e9dre sz\u00e1nt, bogr\u00e1csban rotyog\u00f3 paprik\u00e1s krumpli illata, mely j\u00f3indulat\u00faan fedte be a rendezv\u00e9ny ter\u00fclet\u00e9t. Sajnos, mint minden j\u00f3 dolog, ez a rendezv\u00e9ny is v\u00e9get \u00e9rt, m\u00e9g egy k\u00f6z\u00f6s eb\u00e9d elfogyaszt\u00e1sa, a d\u00edjak kioszt\u00e1sa z\u00e1rta le a n\u00edv\u00f3s rendezv\u00e9nyt.<\/p>\n<p><a href=\"http:\/\/polski.hu\/tihany-2016\/attachment\/018\/\" rel=\"attachment wp-att-4279\"><img loading=\"lazy\" decoding=\"async\" class=\"alignnone size-medium wp-image-4279\" src=\"http:\/\/polski.hu\/wp-content\/uploads\/2016\/08\/018-169x300.jpg\" alt=\"018\" width=\"169\" height=\"300\" srcset=\"https:\/\/polski.hu\/wp-content\/uploads\/2016\/08\/018-169x300.jpg 169w, https:\/\/polski.hu\/wp-content\/uploads\/2016\/08\/018-416x740.jpg 416w, https:\/\/polski.hu\/wp-content\/uploads\/2016\/08\/018-300x533.jpg 300w, https:\/\/polski.hu\/wp-content\/uploads\/2016\/08\/018.jpg 504w\" sizes=\"auto, (max-width: 169px) 100vw, 169px\" \/><\/a> \u00a0 \u00a0 \u00a0 \u00a0 <a href=\"http:\/\/polski.hu\/tihany-2016\/attachment\/019\/\" rel=\"attachment wp-att-4280\"><img loading=\"lazy\" decoding=\"async\" class=\"alignnone size-medium wp-image-4280\" src=\"http:\/\/polski.hu\/wp-content\/uploads\/2016\/08\/019-300x169.jpg\" alt=\"019\" width=\"300\" height=\"169\" srcset=\"https:\/\/polski.hu\/wp-content\/uploads\/2016\/08\/019-300x169.jpg 300w, https:\/\/polski.hu\/wp-content\/uploads\/2016\/08\/019-416x234.jpg 416w, https:\/\/polski.hu\/wp-content\/uploads\/2016\/08\/019-768x432.jpg 768w, https:\/\/polski.hu\/wp-content\/uploads\/2016\/08\/019.jpg 960w\" sizes=\"auto, (max-width: 300px) 100vw, 300px\" \/><\/a><\/p>\n<p><a href=\"http:\/\/polski.hu\/tihany-2016\/dijak\/\" rel=\"attachment wp-att-4290\"><img loading=\"lazy\" decoding=\"async\" class=\"alignnone size-medium wp-image-4290\" src=\"http:\/\/polski.hu\/wp-content\/uploads\/2016\/08\/D\u00edjak-300x169.jpg\" alt=\"D\u00edjak\" width=\"300\" height=\"169\" srcset=\"https:\/\/polski.hu\/wp-content\/uploads\/2016\/08\/D\u00edjak-300x169.jpg 300w, https:\/\/polski.hu\/wp-content\/uploads\/2016\/08\/D\u00edjak-416x234.jpg 416w, https:\/\/polski.hu\/wp-content\/uploads\/2016\/08\/D\u00edjak-768x432.jpg 768w, https:\/\/polski.hu\/wp-content\/uploads\/2016\/08\/D\u00edjak.jpg 960w\" sizes=\"auto, (max-width: 300px) 100vw, 300px\" \/><\/a><a href=\"http:\/\/polski.hu\/tihany-2016\/attachment\/020\/\" rel=\"attachment wp-att-4281\">\u00a0 <\/a><a href=\"http:\/\/polski.hu\/tihany-2016\/dijatadas\/\" rel=\"attachment wp-att-4293\"><img loading=\"lazy\" decoding=\"async\" class=\"alignnone size-medium wp-image-4293\" src=\"http:\/\/polski.hu\/wp-content\/uploads\/2016\/08\/D\u00edj\u00e1tad\u00e1s-300x200.jpg\" alt=\"D\u00edj\u00e1tad\u00e1s\" width=\"300\" height=\"200\" srcset=\"https:\/\/polski.hu\/wp-content\/uploads\/2016\/08\/D\u00edj\u00e1tad\u00e1s-300x200.jpg 300w, https:\/\/polski.hu\/wp-content\/uploads\/2016\/08\/D\u00edj\u00e1tad\u00e1s-416x277.jpg 416w, https:\/\/polski.hu\/wp-content\/uploads\/2016\/08\/D\u00edj\u00e1tad\u00e1s-768x512.jpg 768w, https:\/\/polski.hu\/wp-content\/uploads\/2016\/08\/D\u00edj\u00e1tad\u00e1s-1024x683.jpg 1024w, https:\/\/polski.hu\/wp-content\/uploads\/2016\/08\/D\u00edj\u00e1tad\u00e1s.jpg 2048w\" sizes=\"auto, (max-width: 300px) 100vw, 300px\" \/><\/a><\/p>\n<p><a href=\"http:\/\/polski.hu\/tihany-2016\/polo-1\/\" rel=\"attachment wp-att-4291\"><img loading=\"lazy\" decoding=\"async\" class=\"alignnone size-medium wp-image-4291\" src=\"http:\/\/polski.hu\/wp-content\/uploads\/2016\/08\/p\u00f3l\u00f3-1-300x169.jpg\" alt=\"p\u00f3l\u00f3 1\" width=\"300\" height=\"169\" srcset=\"https:\/\/polski.hu\/wp-content\/uploads\/2016\/08\/p\u00f3l\u00f3-1-300x169.jpg 300w, https:\/\/polski.hu\/wp-content\/uploads\/2016\/08\/p\u00f3l\u00f3-1-416x234.jpg 416w, https:\/\/polski.hu\/wp-content\/uploads\/2016\/08\/p\u00f3l\u00f3-1-768x432.jpg 768w, https:\/\/polski.hu\/wp-content\/uploads\/2016\/08\/p\u00f3l\u00f3-1-1024x576.jpg 1024w, https:\/\/polski.hu\/wp-content\/uploads\/2016\/08\/p\u00f3l\u00f3-1.jpg 1280w\" sizes=\"auto, (max-width: 300px) 100vw, 300px\" \/><\/a><a href=\"http:\/\/polski.hu\/tihany-2016\/attachment\/021\/\" rel=\"attachment wp-att-4282\">\u00a0 <img loading=\"lazy\" decoding=\"async\" class=\"alignnone size-medium wp-image-4282\" src=\"http:\/\/polski.hu\/wp-content\/uploads\/2016\/08\/021-300x200.jpg\" alt=\"021\" width=\"300\" height=\"200\" srcset=\"https:\/\/polski.hu\/wp-content\/uploads\/2016\/08\/021-300x200.jpg 300w, https:\/\/polski.hu\/wp-content\/uploads\/2016\/08\/021-416x277.jpg 416w, https:\/\/polski.hu\/wp-content\/uploads\/2016\/08\/021-768x512.jpg 768w, https:\/\/polski.hu\/wp-content\/uploads\/2016\/08\/021.jpg 960w\" sizes=\"auto, (max-width: 300px) 100vw, 300px\" \/><\/a><\/p>\n<p><a href=\"http:\/\/polski.hu\/tihany-2016\/attachment\/022\/\" rel=\"attachment wp-att-4283\"><img loading=\"lazy\" decoding=\"async\" class=\"alignnone size-medium wp-image-4283\" src=\"http:\/\/polski.hu\/wp-content\/uploads\/2016\/08\/022-300x225.jpg\" alt=\"022\" width=\"300\" height=\"225\" srcset=\"https:\/\/polski.hu\/wp-content\/uploads\/2016\/08\/022-300x225.jpg 300w, https:\/\/polski.hu\/wp-content\/uploads\/2016\/08\/022-416x312.jpg 416w, https:\/\/polski.hu\/wp-content\/uploads\/2016\/08\/022-768x576.jpg 768w, https:\/\/polski.hu\/wp-content\/uploads\/2016\/08\/022-1024x768.jpg 1024w\" sizes=\"auto, (max-width: 300px) 100vw, 300px\" \/><\/a><a href=\"http:\/\/polski.hu\/tihany-2016\/attachment\/020\/\" rel=\"attachment wp-att-4281\">\u00a0 <img loading=\"lazy\" decoding=\"async\" class=\"alignnone size-medium wp-image-4281\" src=\"http:\/\/polski.hu\/wp-content\/uploads\/2016\/08\/020-300x225.jpg\" alt=\"020\" width=\"300\" height=\"225\" \/><\/a><br \/>\nAz el\u00e9gedett megnyilv\u00e1nul\u00e1sok mennyis\u00e9ge, a pozit\u00edv v\u00e9lem\u00e9nyek sokas\u00e1ga, el\u0151re vet\u00edti, hogy a Polski Fiat 125p Klub rendezv\u00e9nyeinek j\u00f6v\u0151je van, egyr\u00e9szt a m\u00e1rka meg\u00f3v\u00e1sa ter\u00e9n, m\u00e1sr\u00e9szt a nemzetk\u00f6zi kapcsolatok \u00e1pol\u00e1s\u00e1ban, melyek \u00faj lend\u00fcletet adnak a t\u00edpus j\u00f6v\u0151beli meg\u00f3v\u00e1s\u00e1nak.<br \/>\nK\u00f6sz\u00f6net a rendez\u0151knek, seg\u00edt\u0151knek, valamint az \u00f6sszes r\u00e9sztvev\u0151nek, hogy munk\u00e1jukkal, jelenl\u00e9t\u00fckkel emelt\u00e9k a rendezv\u00e9ny sz\u00ednvonal\u00e1t!<br \/>\nTal\u00e1lkozunk 2018-ban!<br \/>\n(Szerkesztette: Soma)<\/p>","protected":false},"excerpt":{"rendered":"<p>Sorry, this entry is only available in Magyar. For the sake of viewer convenience, the content is shown below in the alternative language. You may click the link to switch [&hellip;]<\/p>\n","protected":false},"author":3,"featured_media":4281,"comment_status":"open","ping_status":"open","sticky":false,"template":"","format":"gallery","meta":{"_bbp_topic_count":0,"_bbp_reply_count":0,"_bbp_total_topic_count":0,"_bbp_total_reply_count":0,"_bbp_voice_count":0,"_bbp_anonymous_reply_count":0,"_bbp_topic_count_hidden":0,"_bbp_reply_count_hidden":0,"_bbp_forum_subforum_count":0,"_lightning_design_setting":[],"footnotes":""},"categories":[7],"tags":[],"class_list":["post-4237","post","type-post","status-publish","format-gallery","has-post-thumbnail","hentry","category-galeria","post_format-post-format-gallery"],"_links":{"self":[{"href":"https:\/\/polski.hu\/en\/wp-json\/wp\/v2\/posts\/4237","targetHints":{"allow":["GET"]}}],"collection":[{"href":"https:\/\/polski.hu\/en\/wp-json\/wp\/v2\/posts"}],"about":[{"href":"https:\/\/polski.hu\/en\/wp-json\/wp\/v2\/types\/post"}],"author":[{"embeddable":true,"href":"https:\/\/polski.hu\/en\/wp-json\/wp\/v2\/users\/3"}],"replies":[{"embeddable":true,"href":"https:\/\/polski.hu\/en\/wp-json\/wp\/v2\/comments?post=4237"}],"version-history":[{"count":8,"href":"https:\/\/polski.hu\/en\/wp-json\/wp\/v2\/posts\/4237\/revisions"}],"predecessor-version":[{"id":4300,"href":"https:\/\/polski.hu\/en\/wp-json\/wp\/v2\/posts\/4237\/revisions\/4300"}],"wp:featuredmedia":[{"embeddable":true,"href":"https:\/\/polski.hu\/en\/wp-json\/wp\/v2\/media\/4281"}],"wp:attachment":[{"href":"https:\/\/polski.hu\/en\/wp-json\/wp\/v2\/media?parent=4237"}],"wp:term":[{"taxonomy":"category","embeddable":true,"href":"https:\/\/polski.hu\/en\/wp-json\/wp\/v2\/categories?post=4237"},{"taxonomy":"post_tag","embeddable":true,"href":"https:\/\/polski.hu\/en\/wp-json\/wp\/v2\/tags?post=4237"}],"curies":[{"name":"wp","href":"https:\/\/api.w.org\/{rel}","templated":true}]}}