{"id":4369,"date":"2016-12-28T17:06:12","date_gmt":"2016-12-28T16:06:12","guid":{"rendered":"http:\/\/polski.hu\/?p=4369\/"},"modified":"2016-12-28T17:10:08","modified_gmt":"2016-12-28T16:10:08","slug":"2016-2017","status":"publish","type":"post","link":"https:\/\/polski.hu\/pl\/2016-2017\/","title":{"rendered":"(Magyar) 2016-2017"},"content":{"rendered":"<p class=\"qtranxs-available-languages-message qtranxs-available-languages-message-pl\">Przepraszamy, ten wpis jest dost\u0119pny tylko w j\u0119zyku <a href=\"https:\/\/polski.hu\/hu\/wp-json\/wp\/v2\/posts\/4369\" class=\"qtranxs-available-language-link qtranxs-available-language-link-hu\" title=\"Magyar\">Magyar<\/a>. For the sake of viewer convenience, the content is shown below in the alternative language. You may click the link to switch the active language.<\/p><p>Mindenkinek sikerekben gazdag, boldog \u00faj \u00e9vet k\u00edv\u00e1nunk!<\/p>\n<p>Esem\u00e9nyekkel \u00e9s sikeres rendezv\u00e9nyekkel teli 2016 \u00e9v v\u00e9g\u00e9n mi m\u00e1st k\u00edv\u00e1nhatn\u00e1nk, mint hogy legal\u00e1bb ekkora\u00a0 \u00f6sszetart\u00e1s, \u00e9s n\u00e9pszer\u0171s\u00e9g \u00f6vezze a 2017-es \u00e9v\u00fcnket is. Ehhez sz\u00fcks\u00e9g\u00fcnk van mindenkire. Nem csak az oszlopos tagok, hanem Te is, aki csak olvasod ezt a bejegyz\u00e9st tehetsz az\u00e9rt, hogy sikeres \u00e9vet tudhassunk magunk m\u00f6g\u00f6tt 2017 v\u00e9g\u00e9n is.<\/p>\n<p>A hagyom\u00e1nyosnak mondhat\u00f3 hazai tal\u00e1lkoz\u00f3k 2017-ben is megtart\u00e1sra ker\u00fclnek. Mivel Tihany 2 \u00e9vente ker\u00fcl megrendez\u00e9sre, j\u00f6v\u0151re mi megy\u00fcnk Lengyelorsz\u00e1gba. Erre t\u00f6bb lehet\u0151s\u00e9g is ad\u00f3dik majd, ez\u00e9rt figyeld a hirdet\u00e9seinket, bejegyz\u00e9seinket.<\/p>\n<p>F\u00e9ltve \u0151rz\u00f6tt kincseink t\u00e9li \u00e1lmukat alussz\u00e1k m\u00e9g, de csak n\u00e9h\u00e1ny h\u00f3nap \u00e9s \u00e9letre kelnek \u0151k is. Addig is vigy\u00e1zzatok r\u00e1, \u00e1polj\u00e1tok, csinos\u00edtgass\u00e1tok.<\/p>\n<p>Polskis \u00f6r\u00f6m\u00f6kkel \u00e9s gazdag \u00e9lm\u00e9nyeket ny\u00fajt\u00f3 rendezv\u00e9nyekkel teli \u00faj \u00e9vet k\u00edv\u00e1nunk mindenkinek!<\/p>\n<p><a href=\"http:\/\/polski.hu\/wp-content\/uploads\/2016\/12\/B\u00da\u00c9KPolski125.jpg\"><img loading=\"lazy\" decoding=\"async\" class=\"size-medium wp-image-4370 aligncenter\" src=\"http:\/\/polski.hu\/wp-content\/uploads\/2016\/12\/B\u00da\u00c9KPolski125-300x225.jpg\" alt=\"\" width=\"300\" height=\"225\" srcset=\"https:\/\/polski.hu\/wp-content\/uploads\/2016\/12\/B\u00da\u00c9KPolski125-300x225.jpg 300w, https:\/\/polski.hu\/wp-content\/uploads\/2016\/12\/B\u00da\u00c9KPolski125-416x312.jpg 416w, https:\/\/polski.hu\/wp-content\/uploads\/2016\/12\/B\u00da\u00c9KPolski125-768x576.jpg 768w, https:\/\/polski.hu\/wp-content\/uploads\/2016\/12\/B\u00da\u00c9KPolski125.jpg 960w\" sizes=\"auto, (max-width: 300px) 100vw, 300px\" \/><\/a><\/p>\n<p>&nbsp;<\/p>","protected":false},"excerpt":{"rendered":"<p>Przepraszamy, ten wpis jest dost\u0119pny tylko w j\u0119zyku Magyar. For the sake of viewer convenience, the content is shown below in the alternative language. You may click the link to [&hellip;]<\/p>\n","protected":false},"author":3,"featured_media":4370,"comment_status":"open","ping_status":"open","sticky":false,"template":"","format":"standard","meta":{"_bbp_topic_count":0,"_bbp_reply_count":0,"_bbp_total_topic_count":0,"_bbp_total_reply_count":0,"_bbp_voice_count":0,"_bbp_anonymous_reply_count":0,"_bbp_topic_count_hidden":0,"_bbp_reply_count_hidden":0,"_bbp_forum_subforum_count":0,"_lightning_design_setting":[],"footnotes":""},"categories":[1],"tags":[],"class_list":["post-4369","post","type-post","status-publish","format-standard","has-post-thumbnail","hentry","category-egyeb"],"_links":{"self":[{"href":"https:\/\/polski.hu\/pl\/wp-json\/wp\/v2\/posts\/4369","targetHints":{"allow":["GET"]}}],"collection":[{"href":"https:\/\/polski.hu\/pl\/wp-json\/wp\/v2\/posts"}],"about":[{"href":"https:\/\/polski.hu\/pl\/wp-json\/wp\/v2\/types\/post"}],"author":[{"embeddable":true,"href":"https:\/\/polski.hu\/pl\/wp-json\/wp\/v2\/users\/3"}],"replies":[{"embeddable":true,"href":"https:\/\/polski.hu\/pl\/wp-json\/wp\/v2\/comments?post=4369"}],"version-history":[{"count":3,"href":"https:\/\/polski.hu\/pl\/wp-json\/wp\/v2\/posts\/4369\/revisions"}],"predecessor-version":[{"id":4373,"href":"https:\/\/polski.hu\/pl\/wp-json\/wp\/v2\/posts\/4369\/revisions\/4373"}],"wp:featuredmedia":[{"embeddable":true,"href":"https:\/\/polski.hu\/pl\/wp-json\/wp\/v2\/media\/4370"}],"wp:attachment":[{"href":"https:\/\/polski.hu\/pl\/wp-json\/wp\/v2\/media?parent=4369"}],"wp:term":[{"taxonomy":"category","embeddable":true,"href":"https:\/\/polski.hu\/pl\/wp-json\/wp\/v2\/categories?post=4369"},{"taxonomy":"post_tag","embeddable":true,"href":"https:\/\/polski.hu\/pl\/wp-json\/wp\/v2\/tags?post=4369"}],"curies":[{"name":"wp","href":"https:\/\/api.w.org\/{rel}","templated":true}]}}